{"id":116,"date":"2023-12-27T17:09:31","date_gmt":"2023-12-27T16:09:31","guid":{"rendered":"https:\/\/cuisine.elodieduche.fr\/?p=116"},"modified":"2024-07-19T10:27:42","modified_gmt":"2024-07-19T08:27:42","slug":"sables-de-noel","status":"publish","type":"post","link":"https:\/\/cuisine.elodieduche.fr\/index.php\/2023\/12\/27\/sables-de-noel\/","title":{"rendered":"Sabl\u00e9s de No\u00ebl"},"content":{"rendered":"<p>Bonjour \u00e0 tous,<\/p>\n<p>\u00c0 l&rsquo;approche de la p\u00e9riode festive, quoi de mieux que de se plonger dans l&rsquo;ambiance chaleureuse de No\u00ebl en pr\u00e9parant de d\u00e9licieux sabl\u00e9s ? Cette recette gourmande et r\u00e9confortante va \u00e9veiller vos sens et ravir les papilles de vos proches. Pour environ 200 sabl\u00e9s<\/p>\n<h4>INGR\u00c9DIENTS :<\/h4>\n<ul>\n<li>800g de farine<\/li>\n<li>250g de sucre<\/li>\n<li>250g de margarine<\/li>\n<li>2 \u0153ufs<\/li>\n<li>2 sachets de sucre vanill\u00e9<\/li>\n<li>cannelle, poudre de cacao<\/li>\n<\/ul>\n<h4>Gla\u00e7age:<\/h4>\n<ul>\n<li>20g de blanc d&rsquo;\u0153ufs<\/li>\n<li>120 g sucre glace<\/li>\n<li>colorant<\/li>\n<\/ul>\n<h4>ETAPES DE LA RECETTE:<\/h4>\n<ol>\n<li>Pr\u00e9chauffez votre four \u00e0 180\u00b0<\/li>\n<li>Battre le beurre pour qu&rsquo;il devienne presque mousseux.<\/li>\n<li>Ajouter les \u0153ufs, le sucre et battre pendant 10 min.<\/li>\n<li>Ajouter la farine, les \u00e9pices et battre jusqu&rsquo;\u00e0 l&rsquo;obtention d&rsquo;une boule. Emballez l\u00e0 dans du film alimentaire et r\u00e9servez pendant 1 heure au r\u00e9frig\u00e9rateur.<\/li>\n<li>Sortir la p\u00e2te du frigo, mettez de la farine sur votre plan de travail et \u00e9talez la p\u00e2te sur 1\/2 cm d&rsquo;\u00e9paisseur.<\/li>\n<li>Avec des formes d&#8217;emporte-pi\u00e8ce de motifs de No\u00ebl, d\u00e9couper des petits biscuits et les d\u00e9poser sur une plaque garnie d&rsquo;une feuille de papier sulfuris\u00e9<\/li>\n<li>Faire cuire 10 min environ \u00e0 180\u00b0. Les biscuits finissent de s\u00e9cher apr\u00e8s les avoir sortis du four, donc ne pas s&rsquo;\u00e9tonner s&rsquo;ils sont encore un peu mous \u00e0 la fin de la cuisson.<\/li>\n<li>Une fois les sabl\u00e9s refroidis, m\u00e9langez le blanc d&rsquo;\u0153uf avec le sucre et les colorants de votre choix pour faire le gla\u00e7age, plus qu&rsquo;\u00e0 \u00e9taler !<\/li>\n<\/ol>\n<p>Vos biscuits sont \u00e0 pr\u00e9sents finis ! Bien \u00e9videmment vous pouvez passer l&rsquo;\u00e9tape du gla\u00e7age<\/p>\n","protected":false},"excerpt":{"rendered":"<p>Bonjour \u00e0 tous, \u00c0 l&rsquo;approche de la p\u00e9riode festive, quoi de mieux que de se plonger dans l&rsquo;ambiance chaleureuse de No\u00ebl en pr\u00e9parant de d\u00e9licieux sabl\u00e9s ? Cette recette gourmande et r\u00e9confortante va \u00e9veiller vos sens et ravir les papilles de vos proches. Pour environ&nbsp;<a class=\"read-more\" href=\"https:\/\/cuisine.elodieduche.fr\/index.php\/2023\/12\/27\/sables-de-noel\/\">&hellip;<\/a><\/p>\n","protected":false},"author":1,"featured_media":142,"comment_status":"closed","ping_status":"closed","sticky":false,"template":"","format":"standard","meta":{"footnotes":""},"categories":[5,3],"tags":[],"class_list":["post-116","post","type-post","status-publish","format-standard","has-post-thumbnail","hentry","category-recettes-sucrees","category-sans-lactose"],"_links":{"self":[{"href":"https:\/\/cuisine.elodieduche.fr\/index.php\/wp-json\/wp\/v2\/posts\/116","targetHints":{"allow":["GET"]}}],"collection":[{"href":"https:\/\/cuisine.elodieduche.fr\/index.php\/wp-json\/wp\/v2\/posts"}],"about":[{"href":"https:\/\/cuisine.elodieduche.fr\/index.php\/wp-json\/wp\/v2\/types\/post"}],"author":[{"embeddable":true,"href":"https:\/\/cuisine.elodieduche.fr\/index.php\/wp-json\/wp\/v2\/users\/1"}],"replies":[{"embeddable":true,"href":"https:\/\/cuisine.elodieduche.fr\/index.php\/wp-json\/wp\/v2\/comments?post=116"}],"version-history":[{"count":1,"href":"https:\/\/cuisine.elodieduche.fr\/index.php\/wp-json\/wp\/v2\/posts\/116\/revisions"}],"predecessor-version":[{"id":118,"href":"https:\/\/cuisine.elodieduche.fr\/index.php\/wp-json\/wp\/v2\/posts\/116\/revisions\/118"}],"wp:featuredmedia":[{"embeddable":true,"href":"https:\/\/cuisine.elodieduche.fr\/index.php\/wp-json\/wp\/v2\/media\/142"}],"wp:attachment":[{"href":"https:\/\/cuisine.elodieduche.fr\/index.php\/wp-json\/wp\/v2\/media?parent=116"}],"wp:term":[{"taxonomy":"category","embeddable":true,"href":"https:\/\/cuisine.elodieduche.fr\/index.php\/wp-json\/wp\/v2\/categories?post=116"},{"taxonomy":"post_tag","embeddable":true,"href":"https:\/\/cuisine.elodieduche.fr\/index.php\/wp-json\/wp\/v2\/tags?post=116"}],"curies":[{"name":"wp","href":"https:\/\/api.w.org\/{rel}","templated":true}]}}